{"id":1,"date":"2016-08-24T14:35:57","date_gmt":"2016-08-24T14:35:57","guid":{"rendered":"http:\/\/www.colegiokant.com.br\/site\/?p=1"},"modified":"2016-08-25T05:00:34","modified_gmt":"2016-08-25T05:00:34","slug":"formatura-alfabetizacao-letramento-2016","status":"publish","type":"post","link":"http:\/\/www.colegiokant.com.br\/site\/index.php\/formatura-alfabetizacao-letramento-2016\/","title":{"rendered":"A, B, C&#8230; Formatura Alfabetiza\u00e7\u00e3o e Letramento 2016!"},"content":{"rendered":"<p>Como j\u00e1 virou tradi\u00e7\u00e3o do Col\u00e9gio Kant, nossos alunos do 1 ano do Ensino Fundamental, estar\u00e3o se formando no dia 16\/12\/2016 com direito a uma grande festa. Dia da fam\u00edlia perceber o quanto seu filho cresceu e come\u00e7a a dar os primeiros passos na leitura. Ano ap\u00f3s ano o Col\u00e9gio se destaca pela realiza\u00e7\u00e3o de grandes festas.<\/p>\n","protected":false},"excerpt":{"rendered":"<p>Como j\u00e1 virou tradi\u00e7\u00e3o do Col\u00e9gio Kant, nossos alunos do 1 ano do Ensino Fundamental, estar\u00e3o se formando no dia 16\/12\/2016 com direito a uma grande festa. Dia da fam\u00edlia perceber o quanto seu filho cresceu e come\u00e7a a dar os primeiros passos na leitura&#8230;.<\/p>\n","protected":false},"author":1,"featured_media":15863,"comment_status":"closed","ping_status":"closed","sticky":false,"template":"","format":"standard","meta":[],"categories":[2,4],"tags":[],"_links":{"self":[{"href":"http:\/\/www.colegiokant.com.br\/site\/index.php\/wp-json\/wp\/v2\/posts\/1"}],"collection":[{"href":"http:\/\/www.colegiokant.com.br\/site\/index.php\/wp-json\/wp\/v2\/posts"}],"about":[{"href":"http:\/\/www.colegiokant.com.br\/site\/index.php\/wp-json\/wp\/v2\/types\/post"}],"author":[{"embeddable":true,"href":"http:\/\/www.colegiokant.com.br\/site\/index.php\/wp-json\/wp\/v2\/users\/1"}],"replies":[{"embeddable":true,"href":"http:\/\/www.colegiokant.com.br\/site\/index.php\/wp-json\/wp\/v2\/comments?post=1"}],"version-history":[{"count":3,"href":"http:\/\/www.colegiokant.com.br\/site\/index.php\/wp-json\/wp\/v2\/posts\/1\/revisions"}],"predecessor-version":[{"id":15846,"href":"http:\/\/www.colegiokant.com.br\/site\/index.php\/wp-json\/wp\/v2\/posts\/1\/revisions\/15846"}],"wp:featuredmedia":[{"embeddable":true,"href":"http:\/\/www.colegiokant.com.br\/site\/index.php\/wp-json\/wp\/v2\/media\/15863"}],"wp:attachment":[{"href":"http:\/\/www.colegiokant.com.br\/site\/index.php\/wp-json\/wp\/v2\/media?parent=1"}],"wp:term":[{"taxonomy":"category","embeddable":true,"href":"http:\/\/www.colegiokant.com.br\/site\/index.php\/wp-json\/wp\/v2\/categories?post=1"},{"taxonomy":"post_tag","embeddable":true,"href":"http:\/\/www.colegiokant.com.br\/site\/index.php\/wp-json\/wp\/v2\/tags?post=1"}],"curies":[{"name":"wp","href":"https:\/\/api.w.org\/{rel}","templated":true}]}}