{"id":15849,"date":"2016-08-20T05:13:34","date_gmt":"2016-08-20T05:13:34","guid":{"rendered":"http:\/\/www.colegiokant.com.br\/site\/?p=15849"},"modified":"2016-09-08T14:35:06","modified_gmt":"2016-09-08T14:35:06","slug":"tocha-olimpica-passa-pelo-colegio-emmanuel-kant","status":"publish","type":"post","link":"http:\/\/www.colegiokant.com.br\/site\/index.php\/tocha-olimpica-passa-pelo-colegio-emmanuel-kant\/","title":{"rendered":"Tocha Ol\u00edmpica passa pelo Col\u00e9gio Emmanuel Kant!"},"content":{"rendered":"<p>No \u00faltimo dia 2 de Agosto a Tocha Ol\u00edmpica dos jogos do Rio de Janeiro 2016 passou pelo nosso Col\u00e9gio! Vamos torcer para o Brasil nas Olimp\u00edadas no Rio 2016.<\/p>\n<p>Veja as fotos abaixo:<\/p>\n\n\t\t<style type=\"text\/css\">\n\t\t\t#gallery-1 {\n\t\t\t\tmargin: auto;\n\t\t\t}\n\t\t\t#gallery-1 .gallery-item {\n\t\t\t\tfloat: left;\n\t\t\t\tmargin-top: 10px;\n\t\t\t\ttext-align: center;\n\t\t\t\twidth: 33%;\n\t\t\t}\n\t\t\t#gallery-1 img {\n\t\t\t\tborder: 2px solid #cfcfcf;\n\t\t\t}\n\t\t\t#gallery-1 .gallery-caption {\n\t\t\t\tmargin-left: 0;\n\t\t\t}\n\t\t\t\/* see gallery_shortcode() in wp-includes\/media.php *\/\n\t\t<\/style>\n\t\t<div id='gallery-1' class='gallery galleryid-15849 gallery-columns-3 gallery-size-thumbnail'><dl class='gallery-item'>\n\t\t\t<dt class='gallery-icon landscape'>\n\t\t\t\t<a href='http:\/\/www.colegiokant.com.br\/site\/wp-content\/uploads\/2016\/08\/IMG_4516.jpg' rel=\"lightbox[gallery-0]\"><img width=\"150\" height=\"150\" src=\"http:\/\/www.colegiokant.com.br\/site\/wp-content\/uploads\/2016\/08\/IMG_4516-150x150.jpg\" class=\"attachment-thumbnail size-thumbnail\" alt=\"\" loading=\"lazy\" srcset=\"http:\/\/www.colegiokant.com.br\/site\/wp-content\/uploads\/2016\/08\/IMG_4516-150x150.jpg 150w, http:\/\/www.colegiokant.com.br\/site\/wp-content\/uploads\/2016\/08\/IMG_4516-570x570.jpg 570w, http:\/\/www.colegiokant.com.br\/site\/wp-content\/uploads\/2016\/08\/IMG_4516-500x500.jpg 500w, http:\/\/www.colegiokant.com.br\/site\/wp-content\/uploads\/2016\/08\/IMG_4516-1000x1000.jpg 1000w\" sizes=\"(max-width: 150px) 100vw, 150px\" \/><\/a>\n\t\t\t<\/dt><\/dl><dl class='gallery-item'>\n\t\t\t<dt class='gallery-icon landscape'>\n\t\t\t\t<a href='http:\/\/www.colegiokant.com.br\/site\/wp-content\/uploads\/2016\/08\/IMG_4527.jpg' rel=\"lightbox[gallery-0]\"><img width=\"150\" height=\"150\" src=\"http:\/\/www.colegiokant.com.br\/site\/wp-content\/uploads\/2016\/08\/IMG_4527-150x150.jpg\" class=\"attachment-thumbnail size-thumbnail\" alt=\"\" loading=\"lazy\" srcset=\"http:\/\/www.colegiokant.com.br\/site\/wp-content\/uploads\/2016\/08\/IMG_4527-150x150.jpg 150w, http:\/\/www.colegiokant.com.br\/site\/wp-content\/uploads\/2016\/08\/IMG_4527-570x570.jpg 570w, http:\/\/www.colegiokant.com.br\/site\/wp-content\/uploads\/2016\/08\/IMG_4527-500x500.jpg 500w, http:\/\/www.colegiokant.com.br\/site\/wp-content\/uploads\/2016\/08\/IMG_4527-1000x1000.jpg 1000w\" sizes=\"(max-width: 150px) 100vw, 150px\" \/><\/a>\n\t\t\t<\/dt><\/dl><dl class='gallery-item'>\n\t\t\t<dt class='gallery-icon landscape'>\n\t\t\t\t<a href='http:\/\/www.colegiokant.com.br\/site\/wp-content\/uploads\/2016\/08\/teteu-e-cai-tocha.jpg' rel=\"lightbox[gallery-0]\"><img width=\"150\" height=\"150\" src=\"http:\/\/www.colegiokant.com.br\/site\/wp-content\/uploads\/2016\/08\/teteu-e-cai-tocha-150x150.jpg\" class=\"attachment-thumbnail size-thumbnail\" alt=\"\" loading=\"lazy\" srcset=\"http:\/\/www.colegiokant.com.br\/site\/wp-content\/uploads\/2016\/08\/teteu-e-cai-tocha-150x150.jpg 150w, http:\/\/www.colegiokant.com.br\/site\/wp-content\/uploads\/2016\/08\/teteu-e-cai-tocha-570x570.jpg 570w, http:\/\/www.colegiokant.com.br\/site\/wp-content\/uploads\/2016\/08\/teteu-e-cai-tocha-500x500.jpg 500w, http:\/\/www.colegiokant.com.br\/site\/wp-content\/uploads\/2016\/08\/teteu-e-cai-tocha-1000x1000.jpg 1000w\" sizes=\"(max-width: 150px) 100vw, 150px\" \/><\/a>\n\t\t\t<\/dt><\/dl><br style=\"clear: both\" \/>\n\t\t<\/div>\n\n","protected":false},"excerpt":{"rendered":"<p>No \u00faltimo dia 2 de Agosto a Tocha Ol\u00edmpica dos jogos do Rio de Janeiro 2016 passou pelo nosso Col\u00e9gio! Vamos torcer para o Brasil nas Olimp\u00edadas no Rio 2016. Veja as fotos abaixo:<\/p>\n","protected":false},"author":1,"featured_media":15850,"comment_status":"open","ping_status":"closed","sticky":false,"template":"","format":"gallery","meta":[],"categories":[2],"tags":[],"_links":{"self":[{"href":"http:\/\/www.colegiokant.com.br\/site\/index.php\/wp-json\/wp\/v2\/posts\/15849"}],"collection":[{"href":"http:\/\/www.colegiokant.com.br\/site\/index.php\/wp-json\/wp\/v2\/posts"}],"about":[{"href":"http:\/\/www.colegiokant.com.br\/site\/index.php\/wp-json\/wp\/v2\/types\/post"}],"author":[{"embeddable":true,"href":"http:\/\/www.colegiokant.com.br\/site\/index.php\/wp-json\/wp\/v2\/users\/1"}],"replies":[{"embeddable":true,"href":"http:\/\/www.colegiokant.com.br\/site\/index.php\/wp-json\/wp\/v2\/comments?post=15849"}],"version-history":[{"count":5,"href":"http:\/\/www.colegiokant.com.br\/site\/index.php\/wp-json\/wp\/v2\/posts\/15849\/revisions"}],"predecessor-version":[{"id":15912,"href":"http:\/\/www.colegiokant.com.br\/site\/index.php\/wp-json\/wp\/v2\/posts\/15849\/revisions\/15912"}],"wp:featuredmedia":[{"embeddable":true,"href":"http:\/\/www.colegiokant.com.br\/site\/index.php\/wp-json\/wp\/v2\/media\/15850"}],"wp:attachment":[{"href":"http:\/\/www.colegiokant.com.br\/site\/index.php\/wp-json\/wp\/v2\/media?parent=15849"}],"wp:term":[{"taxonomy":"category","embeddable":true,"href":"http:\/\/www.colegiokant.com.br\/site\/index.php\/wp-json\/wp\/v2\/categories?post=15849"},{"taxonomy":"post_tag","embeddable":true,"href":"http:\/\/www.colegiokant.com.br\/site\/index.php\/wp-json\/wp\/v2\/tags?post=15849"}],"curies":[{"name":"wp","href":"https:\/\/api.w.org\/{rel}","templated":true}]}}