{"id":16055,"date":"2016-11-23T12:42:38","date_gmt":"2016-11-23T12:42:38","guid":{"rendered":"http:\/\/www.colegiokant.com.br\/site\/?p=16055"},"modified":"2016-11-23T12:42:38","modified_gmt":"2016-11-23T12:42:38","slug":"manha-de-autografos","status":"publish","type":"post","link":"http:\/\/www.colegiokant.com.br\/site\/index.php\/manha-de-autografos\/","title":{"rendered":"Manh\u00e3 de aut\u00f3grafos"},"content":{"rendered":"<p>No \u00faltimo dia 23 de novembro tivemos a Manh\u00e3 de Aut\u00f3grafos dos livros das nossas crian\u00e7as. Os livros foram produzidos durante o desenvolvimento do projeto Direitos Humanos. Enfatizamos os direitos das crian\u00e7as, pois acreditamos que a Educa\u00e7\u00e3o Infantil \u00e9 o alicerce para forma\u00e7\u00e3o de um ser Integral. Recebemos os pais que ficaram maravilhados com o momento.<\/p>\n<p><a href=\"http:\/\/www.colegiokant.com.br\/site\/wp-content\/uploads\/2016\/11\/IMG-20161123-WA0012.jpg\" rel=\"attachment wp-att-16057 lightbox-0\"><img loading=\"lazy\" class=\"alignnone size-medium wp-image-16057\" src=\"http:\/\/www.colegiokant.com.br\/site\/wp-content\/uploads\/2016\/11\/IMG-20161123-WA0012-222x300.jpg\" alt=\"img-20161123-wa0012\" width=\"222\" height=\"300\" srcset=\"http:\/\/www.colegiokant.com.br\/site\/wp-content\/uploads\/2016\/11\/IMG-20161123-WA0012-222x300.jpg 222w, http:\/\/www.colegiokant.com.br\/site\/wp-content\/uploads\/2016\/11\/IMG-20161123-WA0012-700x947.jpg 700w, http:\/\/www.colegiokant.com.br\/site\/wp-content\/uploads\/2016\/11\/IMG-20161123-WA0012.jpg 708w\" sizes=\"(max-width: 222px) 100vw, 222px\" \/><\/a><a href=\"http:\/\/www.colegiokant.com.br\/site\/wp-content\/uploads\/2016\/11\/IMG-20161123-WA0011.jpg\" rel=\"attachment wp-att-16058 lightbox-1\"><img loading=\"lazy\" class=\"alignnone size-medium wp-image-16058\" src=\"http:\/\/www.colegiokant.com.br\/site\/wp-content\/uploads\/2016\/11\/IMG-20161123-WA0011-300x289.jpg\" alt=\"img-20161123-wa0011\" width=\"300\" height=\"289\" srcset=\"http:\/\/www.colegiokant.com.br\/site\/wp-content\/uploads\/2016\/11\/IMG-20161123-WA0011-300x289.jpg 300w, http:\/\/www.colegiokant.com.br\/site\/wp-content\/uploads\/2016\/11\/IMG-20161123-WA0011-700x675.jpg 700w, http:\/\/www.colegiokant.com.br\/site\/wp-content\/uploads\/2016\/11\/IMG-20161123-WA0011.jpg 720w\" sizes=\"(max-width: 300px) 100vw, 300px\" \/><\/a><a href=\"http:\/\/www.colegiokant.com.br\/site\/wp-content\/uploads\/2016\/11\/IMG-20161123-WA0018.jpg\" rel=\"attachment wp-att-16056 lightbox-2\"><img loading=\"lazy\" class=\"alignnone size-medium wp-image-16056\" src=\"http:\/\/www.colegiokant.com.br\/site\/wp-content\/uploads\/2016\/11\/IMG-20161123-WA0018-300x256.jpg\" alt=\"img-20161123-wa0018\" width=\"300\" height=\"256\" srcset=\"http:\/\/www.colegiokant.com.br\/site\/wp-content\/uploads\/2016\/11\/IMG-20161123-WA0018-300x256.jpg 300w, http:\/\/www.colegiokant.com.br\/site\/wp-content\/uploads\/2016\/11\/IMG-20161123-WA0018-700x598.jpg 700w, http:\/\/www.colegiokant.com.br\/site\/wp-content\/uploads\/2016\/11\/IMG-20161123-WA0018.jpg 714w\" sizes=\"(max-width: 300px) 100vw, 300px\" \/><\/a><\/p>\n","protected":false},"excerpt":{"rendered":"<p>No \u00faltimo dia 23 de novembro tivemos a Manh\u00e3 de Aut\u00f3grafos dos livros das nossas crian\u00e7as. Os livros foram produzidos durante o desenvolvimento do projeto Direitos Humanos. Enfatizamos os direitos das crian\u00e7as, pois acreditamos que a Educa\u00e7\u00e3o Infantil \u00e9 o alicerce para forma\u00e7\u00e3o de um&#8230;<\/p>\n","protected":false},"author":2,"featured_media":16056,"comment_status":"closed","ping_status":"closed","sticky":false,"template":"","format":"standard","meta":[],"categories":[4],"tags":[],"_links":{"self":[{"href":"http:\/\/www.colegiokant.com.br\/site\/index.php\/wp-json\/wp\/v2\/posts\/16055"}],"collection":[{"href":"http:\/\/www.colegiokant.com.br\/site\/index.php\/wp-json\/wp\/v2\/posts"}],"about":[{"href":"http:\/\/www.colegiokant.com.br\/site\/index.php\/wp-json\/wp\/v2\/types\/post"}],"author":[{"embeddable":true,"href":"http:\/\/www.colegiokant.com.br\/site\/index.php\/wp-json\/wp\/v2\/users\/2"}],"replies":[{"embeddable":true,"href":"http:\/\/www.colegiokant.com.br\/site\/index.php\/wp-json\/wp\/v2\/comments?post=16055"}],"version-history":[{"count":1,"href":"http:\/\/www.colegiokant.com.br\/site\/index.php\/wp-json\/wp\/v2\/posts\/16055\/revisions"}],"predecessor-version":[{"id":16061,"href":"http:\/\/www.colegiokant.com.br\/site\/index.php\/wp-json\/wp\/v2\/posts\/16055\/revisions\/16061"}],"wp:featuredmedia":[{"embeddable":true,"href":"http:\/\/www.colegiokant.com.br\/site\/index.php\/wp-json\/wp\/v2\/media\/16056"}],"wp:attachment":[{"href":"http:\/\/www.colegiokant.com.br\/site\/index.php\/wp-json\/wp\/v2\/media?parent=16055"}],"wp:term":[{"taxonomy":"category","embeddable":true,"href":"http:\/\/www.colegiokant.com.br\/site\/index.php\/wp-json\/wp\/v2\/categories?post=16055"},{"taxonomy":"post_tag","embeddable":true,"href":"http:\/\/www.colegiokant.com.br\/site\/index.php\/wp-json\/wp\/v2\/tags?post=16055"}],"curies":[{"name":"wp","href":"https:\/\/api.w.org\/{rel}","templated":true}]}}