{"id":16249,"date":"2017-05-22T16:30:19","date_gmt":"2017-05-22T16:30:19","guid":{"rendered":"http:\/\/www.colegiokant.com.br\/site\/?p=16249"},"modified":"2017-05-25T13:43:25","modified_gmt":"2017-05-25T13:43:25","slug":"alunos-do-kant-viram-destaque-no-correio-da-bahia","status":"publish","type":"post","link":"http:\/\/www.colegiokant.com.br\/site\/index.php\/alunos-do-kant-viram-destaque-no-correio-da-bahia\/","title":{"rendered":"Alunos do Kant viram destaque no Correio da Bahia"},"content":{"rendered":"<p>Os alunos do Kant do Turno Complementar foram alvo de uma reportagem do Jornal Correio da Bahia. Em visita\u00e7\u00e3o ao Museu Geol\u00f3gico da Bahia, nossos alunos se encantaram com a Orquestra Infantil presente e com os instrumentos musicais. Veja a mat\u00e9ria completa no link: http:\/\/www.correio24horas.com.br\/detalhe\/salvador\/noticia\/orquestra-infantil-faz-concerto-didatico-no-museu-geologico-da-bahia\/?cHash=097560bc00d50d44b84da69be16395e9<\/p>\n<p>&nbsp;<\/p>\n<p>&nbsp;<\/p>\n","protected":false},"excerpt":{"rendered":"<p>Os alunos do Kant do Turno Complementar foram alvo de uma reportagem do Jornal Correio da Bahia. Em visita\u00e7\u00e3o ao Museu Geol\u00f3gico da Bahia, nossos alunos se encantaram com a Orquestra Infantil presente e com os instrumentos musicais. Veja a mat\u00e9ria completa no link: http:\/\/www.correio24horas.com.br\/detalhe\/salvador\/noticia\/orquestra-infantil-faz-concerto-didatico-no-museu-geologico-da-bahia\/?cHash=097560bc00d50d44b84da69be16395e9&#8230;<\/p>\n","protected":false},"author":2,"featured_media":16255,"comment_status":"closed","ping_status":"closed","sticky":false,"template":"","format":"standard","meta":[],"categories":[4],"tags":[],"_links":{"self":[{"href":"http:\/\/www.colegiokant.com.br\/site\/index.php\/wp-json\/wp\/v2\/posts\/16249"}],"collection":[{"href":"http:\/\/www.colegiokant.com.br\/site\/index.php\/wp-json\/wp\/v2\/posts"}],"about":[{"href":"http:\/\/www.colegiokant.com.br\/site\/index.php\/wp-json\/wp\/v2\/types\/post"}],"author":[{"embeddable":true,"href":"http:\/\/www.colegiokant.com.br\/site\/index.php\/wp-json\/wp\/v2\/users\/2"}],"replies":[{"embeddable":true,"href":"http:\/\/www.colegiokant.com.br\/site\/index.php\/wp-json\/wp\/v2\/comments?post=16249"}],"version-history":[{"count":1,"href":"http:\/\/www.colegiokant.com.br\/site\/index.php\/wp-json\/wp\/v2\/posts\/16249\/revisions"}],"predecessor-version":[{"id":16253,"href":"http:\/\/www.colegiokant.com.br\/site\/index.php\/wp-json\/wp\/v2\/posts\/16249\/revisions\/16253"}],"wp:featuredmedia":[{"embeddable":true,"href":"http:\/\/www.colegiokant.com.br\/site\/index.php\/wp-json\/wp\/v2\/media\/16255"}],"wp:attachment":[{"href":"http:\/\/www.colegiokant.com.br\/site\/index.php\/wp-json\/wp\/v2\/media?parent=16249"}],"wp:term":[{"taxonomy":"category","embeddable":true,"href":"http:\/\/www.colegiokant.com.br\/site\/index.php\/wp-json\/wp\/v2\/categories?post=16249"},{"taxonomy":"post_tag","embeddable":true,"href":"http:\/\/www.colegiokant.com.br\/site\/index.php\/wp-json\/wp\/v2\/tags?post=16249"}],"curies":[{"name":"wp","href":"https:\/\/api.w.org\/{rel}","templated":true}]}}