{"id":16281,"date":"2017-08-02T17:41:34","date_gmt":"2017-08-02T17:41:34","guid":{"rendered":"http:\/\/www.colegiokant.com.br\/site\/?p=16281"},"modified":"2021-01-28T19:54:11","modified_gmt":"2021-01-28T19:54:11","slug":"dia-da-vovo-e-do-vovo","status":"publish","type":"post","link":"http:\/\/www.colegiokant.com.br\/site\/index.php\/dia-da-vovo-e-do-vovo\/","title":{"rendered":"Dia da vov\u00f3 e do vov\u00f4"},"content":{"rendered":"<p>Carinho de v\u00f3 e v\u00f4 \u00e9 sempre dobrado. Numa manh\u00e3 calorosamente cheia de amor, os vov\u00f4s e vov\u00f3s da Educa\u00e7\u00e3o Infantil foram recebidos pelos netinhos com hist\u00f3rias, abra\u00e7os e sorrisos.<\/p>\n<p><a href=\"http:\/\/www.colegiokant.com.br\/site\/wp-content\/uploads\/2017\/08\/IMG-20170726-WA0025-1.jpg\" rel=\"lightbox-0\"><img loading=\"lazy\" class=\"alignnone size-medium wp-image-16282\" src=\"http:\/\/www.colegiokant.com.br\/site\/wp-content\/uploads\/2017\/08\/IMG-20170726-WA0025-1-300x225.jpg\" alt=\"\" width=\"300\" height=\"225\" srcset=\"http:\/\/www.colegiokant.com.br\/site\/wp-content\/uploads\/2017\/08\/IMG-20170726-WA0025-1-300x225.jpg 300w, http:\/\/www.colegiokant.com.br\/site\/wp-content\/uploads\/2017\/08\/IMG-20170726-WA0025-1-768x576.jpg 768w, http:\/\/www.colegiokant.com.br\/site\/wp-content\/uploads\/2017\/08\/IMG-20170726-WA0025-1-1024x768.jpg 1024w, http:\/\/www.colegiokant.com.br\/site\/wp-content\/uploads\/2017\/08\/IMG-20170726-WA0025-1-800x600.jpg 800w, http:\/\/www.colegiokant.com.br\/site\/wp-content\/uploads\/2017\/08\/IMG-20170726-WA0025-1-700x525.jpg 700w, http:\/\/www.colegiokant.com.br\/site\/wp-content\/uploads\/2017\/08\/IMG-20170726-WA0025-1.jpg 1280w\" sizes=\"(max-width: 300px) 100vw, 300px\" \/><\/a> <a href=\"http:\/\/www.colegiokant.com.br\/site\/wp-content\/uploads\/2017\/08\/IMG-20170726-WA0027.jpg\" rel=\"lightbox-1\"><img loading=\"lazy\" class=\"alignnone size-medium wp-image-16283\" src=\"http:\/\/www.colegiokant.com.br\/site\/wp-content\/uploads\/2017\/08\/IMG-20170726-WA0027-225x300.jpg\" alt=\"\" width=\"225\" height=\"300\" srcset=\"http:\/\/www.colegiokant.com.br\/site\/wp-content\/uploads\/2017\/08\/IMG-20170726-WA0027-225x300.jpg 225w, http:\/\/www.colegiokant.com.br\/site\/wp-content\/uploads\/2017\/08\/IMG-20170726-WA0027-768x1024.jpg 768w, http:\/\/www.colegiokant.com.br\/site\/wp-content\/uploads\/2017\/08\/IMG-20170726-WA0027-600x800.jpg 600w, http:\/\/www.colegiokant.com.br\/site\/wp-content\/uploads\/2017\/08\/IMG-20170726-WA0027-700x933.jpg 700w, http:\/\/www.colegiokant.com.br\/site\/wp-content\/uploads\/2017\/08\/IMG-20170726-WA0027.jpg 960w\" sizes=\"(max-width: 225px) 100vw, 225px\" \/><\/a><\/p>\n","protected":false},"excerpt":{"rendered":"<p>Carinho de v\u00f3 e v\u00f4 \u00e9 sempre dobrado. Numa manh\u00e3 calorosamente cheia de amor, os vov\u00f4s e vov\u00f3s da Educa\u00e7\u00e3o Infantil foram recebidos pelos netinhos com hist\u00f3rias, abra\u00e7os e sorrisos.<\/p>\n","protected":false},"author":2,"featured_media":16286,"comment_status":"closed","ping_status":"closed","sticky":false,"template":"","format":"standard","meta":[],"categories":[1],"tags":[],"_links":{"self":[{"href":"http:\/\/www.colegiokant.com.br\/site\/index.php\/wp-json\/wp\/v2\/posts\/16281"}],"collection":[{"href":"http:\/\/www.colegiokant.com.br\/site\/index.php\/wp-json\/wp\/v2\/posts"}],"about":[{"href":"http:\/\/www.colegiokant.com.br\/site\/index.php\/wp-json\/wp\/v2\/types\/post"}],"author":[{"embeddable":true,"href":"http:\/\/www.colegiokant.com.br\/site\/index.php\/wp-json\/wp\/v2\/users\/2"}],"replies":[{"embeddable":true,"href":"http:\/\/www.colegiokant.com.br\/site\/index.php\/wp-json\/wp\/v2\/comments?post=16281"}],"version-history":[{"count":3,"href":"http:\/\/www.colegiokant.com.br\/site\/index.php\/wp-json\/wp\/v2\/posts\/16281\/revisions"}],"predecessor-version":[{"id":16288,"href":"http:\/\/www.colegiokant.com.br\/site\/index.php\/wp-json\/wp\/v2\/posts\/16281\/revisions\/16288"}],"wp:featuredmedia":[{"embeddable":true,"href":"http:\/\/www.colegiokant.com.br\/site\/index.php\/wp-json\/wp\/v2\/media\/16286"}],"wp:attachment":[{"href":"http:\/\/www.colegiokant.com.br\/site\/index.php\/wp-json\/wp\/v2\/media?parent=16281"}],"wp:term":[{"taxonomy":"category","embeddable":true,"href":"http:\/\/www.colegiokant.com.br\/site\/index.php\/wp-json\/wp\/v2\/categories?post=16281"},{"taxonomy":"post_tag","embeddable":true,"href":"http:\/\/www.colegiokant.com.br\/site\/index.php\/wp-json\/wp\/v2\/tags?post=16281"}],"curies":[{"name":"wp","href":"https:\/\/api.w.org\/{rel}","templated":true}]}}